{"id":2288,"date":"2017-06-30T20:43:14","date_gmt":"2017-06-30T20:43:14","guid":{"rendered":"http:\/\/arrastao.org.br\/?p=2288"},"modified":"2022-06-15T15:40:20","modified_gmt":"2022-06-15T18:40:20","slug":"projeto-arrastao-na-semana-de-possibilidades-abbvie","status":"publish","type":"post","link":"https:\/\/arrastao.org.br\/site\/projeto-arrastao-na-semana-de-possibilidades-abbvie\/","title":{"rendered":"Projeto Arrast\u00e3o na Semana de Possibilidades Abbvie"},"content":{"rendered":"<figure id=\"attachment_2290\" aria-describedby=\"caption-attachment-2290\" style=\"width: 1024px\" class=\"wp-caption alignnone\"><a href=\"http:\/\/arrastao.org.br\/site\/wp-content\/uploads\/2017\/06\/IMG_4571-1280x853.jpg\"><img fetchpriority=\"high\" decoding=\"async\" class=\"wp-image-2290 size-large\" src=\"http:\/\/arrastao.org.br\/site\/wp-content\/uploads\/2017\/06\/IMG_4571-1280x853-1024x682.jpg\" alt=\"Foto: Laio Rocha \/ Projeto Arrast\u00e3o\" data-id=\"2290\" width=\"1024\" height=\"682\"><\/a><figcaption id=\"caption-attachment-2290\" class=\"wp-caption-text\">Foto: Laio Rocha \/ Projeto Arrast\u00e3o<\/figcaption><\/figure>\n<p>&nbsp;<\/p>\n<p style=\"text-align: justify;\">O Projeto Arrast\u00e3o fez parte da Semana de Possibilidades da Abbvie, evento em que toda a rede mundial de unidades da empresa se concentram em a\u00e7\u00f5es sociais. Cerca de 50 volunt\u00e1rios participaram de diversas a\u00e7\u00f5es na nossa institui\u00e7\u00e3o, entre elas restaura\u00e7\u00e3o do campo, organiza\u00e7\u00e3o da biblioteca, palestra sobre mercado de trabalho para jovens e oficina de qu\u00edmica com crian\u00e7as e adolescentes.<\/p>\n<p>&nbsp;<\/p>\n<figure id=\"attachment_2289\" aria-describedby=\"caption-attachment-2289\" style=\"width: 1024px\" class=\"wp-caption alignnone\"><a href=\"http:\/\/arrastao.org.br\/site\/wp-content\/uploads\/2017\/06\/IMG_5064-1280x651.jpg\"><img decoding=\"async\" class=\"wp-image-2289 size-large\" src=\"http:\/\/arrastao.org.br\/site\/wp-content\/uploads\/2017\/06\/IMG_5064-1280x651-1024x520.jpg\" alt=\"IMG_5064 (1280x651)\" data-id=\"2289\" width=\"1024\" height=\"520\"><\/a><figcaption id=\"caption-attachment-2289\" class=\"wp-caption-text\">Foto: Laio Rocha \/ Projeto Arrast\u00e3o<\/figcaption><\/figure>\n<p>&nbsp;<\/p>\n<p style=\"text-align: justify;\"><span style=\"font-weight: 400;\">Al\u00e9m dos eventos no Projeto Arrast\u00e3o, os nossos educandos foram convidados para conhecer as instala\u00e7\u00f5es da f\u00e1brica da Abbvie. Voltado para o mercado de medicamentos, os jovens conheceram as diversas \u00e1reas da empresa, a fim de conhecer a sua organiza\u00e7\u00e3o.<\/span><\/p>\n<p style=\"text-align: justify;\">\n<p style=\"text-align: justify;\"><span style=\"font-weight: 400;\">\u201cPara n\u00f3s, do Projeto Arrast\u00e3o, \u00e9 muito importante contar com volunt\u00e1rios dispostos. \u00c9 uma maneira de oxigenar o nosso trabalho di\u00e1rio e dar um novo f\u00f4lego e novas inspira\u00e7\u00f5es\u201d, avaliou a diretora Selma Bertagnoli. <\/span><\/p>\n<p>&nbsp;<\/p>\n<figure id=\"attachment_2292\" aria-describedby=\"caption-attachment-2292\" style=\"width: 1024px\" class=\"wp-caption alignnone\"><a href=\"http:\/\/arrastao.org.br\/site\/wp-content\/uploads\/2017\/06\/IMG_4833-1280x1081.jpg\"><img decoding=\"async\" class=\"wp-image-2292 size-large\" src=\"http:\/\/arrastao.org.br\/site\/wp-content\/uploads\/2017\/06\/IMG_4833-1280x1081-1024x864.jpg\" alt=\"IMG_4833 (1280x1081)\" data-id=\"2292\" width=\"1024\" height=\"864\"><\/a><figcaption id=\"caption-attachment-2292\" class=\"wp-caption-text\">Foto: Laio Rocha \/ Projeto Arrast\u00e3o<\/figcaption><\/figure>\n<p>&nbsp;<\/p>\n<p style=\"text-align: justify;\"><span style=\"font-weight: 400;\">A Abbvie \u00e9 parceira do Projeto Arrast\u00e3o h\u00e1 cerca de tr\u00eas anos e atualmente patrocina o projeto de m\u00fasica e leitura para o nosso CCA, que conta com crian\u00e7as e adolescentes de 6 a 14 anos.<\/span><\/p>\n<p style=\"text-align: justify;\">\n<p style=\"text-align: justify;\">Confira as galerias do <a href=\"https:\/\/www.flickr.com\/photos\/projetoarrastao\/albums\/72157683341299141\">primeiro<\/a> e do <a href=\"https:\/\/www.flickr.com\/photos\/projetoarrastao\/albums\/72157685701998605\">segundo<\/a> dia de atividades no Projeto Arrast\u00e3o.<\/p>\n","protected":false},"excerpt":{"rendered":"<p>&nbsp; O Projeto Arrast\u00e3o fez parte da Semana de Possibilidades da Abbvie, evento em que toda a rede mundial de unidades da empresa se concentram em a\u00e7\u00f5es sociais. Cerca de<\/p>\n","protected":false},"author":4,"featured_media":16449,"comment_status":"closed","ping_status":"closed","sticky":false,"template":"","format":"standard","meta":{"footnotes":""},"categories":[33],"tags":[75,69,52,53,37,55,40,76,46,47,77,50],"class_list":{"0":"post-2288","1":"post","2":"type-post","3":"status-publish","4":"format-standard","5":"has-post-thumbnail","7":"category-noticias","8":"tag-abbvie","9":"tag-adolescentes","10":"tag-brasil","11":"tag-campo-limpo","12":"tag-criancas","13":"tag-educacao","14":"tag-jovens","15":"tag-periferia","16":"tag-projeto-arrastao","17":"tag-sao-paulo","18":"tag-semana-de-possibilidades","19":"tag-voluntario"},"_links":{"self":[{"href":"https:\/\/arrastao.org.br\/site\/wp-json\/wp\/v2\/posts\/2288","targetHints":{"allow":["GET"]}}],"collection":[{"href":"https:\/\/arrastao.org.br\/site\/wp-json\/wp\/v2\/posts"}],"about":[{"href":"https:\/\/arrastao.org.br\/site\/wp-json\/wp\/v2\/types\/post"}],"author":[{"embeddable":true,"href":"https:\/\/arrastao.org.br\/site\/wp-json\/wp\/v2\/users\/4"}],"replies":[{"embeddable":true,"href":"https:\/\/arrastao.org.br\/site\/wp-json\/wp\/v2\/comments?post=2288"}],"version-history":[{"count":1,"href":"https:\/\/arrastao.org.br\/site\/wp-json\/wp\/v2\/posts\/2288\/revisions"}],"predecessor-version":[{"id":16450,"href":"https:\/\/arrastao.org.br\/site\/wp-json\/wp\/v2\/posts\/2288\/revisions\/16450"}],"wp:featuredmedia":[{"embeddable":true,"href":"https:\/\/arrastao.org.br\/site\/wp-json\/wp\/v2\/media\/16449"}],"wp:attachment":[{"href":"https:\/\/arrastao.org.br\/site\/wp-json\/wp\/v2\/media?parent=2288"}],"wp:term":[{"taxonomy":"category","embeddable":true,"href":"https:\/\/arrastao.org.br\/site\/wp-json\/wp\/v2\/categories?post=2288"},{"taxonomy":"post_tag","embeddable":true,"href":"https:\/\/arrastao.org.br\/site\/wp-json\/wp\/v2\/tags?post=2288"}],"curies":[{"name":"wp","href":"https:\/\/api.w.org\/{rel}","templated":true}]}}