{"id":2879,"date":"2019-01-08T14:02:31","date_gmt":"2019-01-08T14:02:31","guid":{"rendered":"http:\/\/arrastao.org.br\/?p=2879"},"modified":"2022-06-14T16:05:14","modified_gmt":"2022-06-14T19:05:14","slug":"corrida-pela-cidadania-reune-milhares-e-arrecada-fundos-para-projeto-arrastao","status":"publish","type":"post","link":"https:\/\/arrastao.org.br\/site\/corrida-pela-cidadania-reune-milhares-e-arrecada-fundos-para-projeto-arrastao\/","title":{"rendered":"Corrida Pela Cidadania re\u00fane milhares e arrecada fundos para Projeto Arrast\u00e3o"},"content":{"rendered":"<h2>Cerca de 1300 pessoas participaram do evento e colaboraram com a organiza\u00e7\u00e3o<\/h2>\n<p>&nbsp;<\/p>\n<figure id=\"attachment_2881\" aria-describedby=\"caption-attachment-2881\" style=\"width: 1024px\" class=\"wp-caption alignnone\"><a href=\"http:\/\/arrastao.org.br\/site\/wp-content\/uploads\/2019\/01\/IMG_6372.jpg\"><img fetchpriority=\"high\" decoding=\"async\" class=\"size-large wp-image-2881\" src=\"http:\/\/arrastao.org.br\/site\/wp-content\/uploads\/2019\/01\/IMG_6372-1024x697.jpg\" alt=\"Foto: Laio Rocha \/ Projeto Arrast\u00e3o\" width=\"1024\" height=\"697\" data-id=\"2881\"><\/a><figcaption id=\"caption-attachment-2881\" class=\"wp-caption-text\">Foto: Laio Rocha \/ Projeto Arrast\u00e3o<\/figcaption><\/figure>\n<p>&nbsp;<\/p>\n<p>Pelo 17\u00ba ano consecutivo, o Projeto Arrast\u00e3o juntou a\u00e7\u00e3o social com esporte na Corrida Pela Cidadania, realizada no \u00faltimo dia 8 de dezembro, no Est\u00e1dio do Pacaembu. Foram cerca de 1300 competidores, entre crian\u00e7as, adultos e idosos, que caminharam e correram em nome do trabalho comunit\u00e1rio.<\/p>\n<p>&nbsp;<\/p>\n<p>Organizada em parceria com o consultor f\u00edsico Marcos Paulo Reis, a corrida tem o objetivo de captar recursos para os programas sociais do Projeto Arrast\u00e3o, que atende anualmente cerca de 14 mil pessoas no bairro de Campo Limpo, com cultura, arte, esporte, empreendedorismo e inova\u00e7\u00e3o.<\/p>\n<p>&nbsp;<\/p>\n<p>Foram dezenas de parceiros pessoa f\u00edsica e empresas que investiram nas cotas prata, ouro e bronze da corrida, valor que paga as contas do evento e depois \u00e9 investido no projeto. Esse ano foram 380 mil reais l\u00edquidos revestido para o Arrast\u00e3o, valor que \u00e9 aplicado nos diversos programas que atendem desde crian\u00e7as de 1 ano at\u00e9 a melhor idade.<\/p>\n<p>&nbsp;<\/p>\n<h2>Confira&nbsp;o relat\u00f3rio da 17\u00aa Corrida Pela Cidadania:<\/h2>\n<p>&nbsp;<\/p>\n<p><iframe src=\"https:\/\/e.issuu.com\/anonymous-embed.html?u=projeto_arrastao&amp;d=relat_rio_2018\" width=\"560\" height=\"500\" frameborder=\"0\" allowfullscreen=\"allowfullscreen\"><\/iframe><\/p>\n<h2><\/h2>\n<h2>Veja como foi essa festa no v\u00eddeo:<\/h2>\n<p>&nbsp;<\/p>\n<p><iframe src=\"https:\/\/www.youtube.com\/embed\/2V4lQJdSCB8\" width=\"560\" height=\"315\" frameborder=\"0\" allowfullscreen=\"allowfullscreen\"><\/iframe><\/p>\n","protected":false},"excerpt":{"rendered":"<p>Cerca de 1300 pessoas participaram do evento e colaboraram com a organiza\u00e7\u00e3o &nbsp; &nbsp; Pelo 17\u00ba ano consecutivo, o Projeto Arrast\u00e3o juntou a\u00e7\u00e3o social com esporte na Corrida Pela Cidadania,<\/p>\n","protected":false},"author":4,"featured_media":16371,"comment_status":"closed","ping_status":"closed","sticky":false,"template":"","format":"standard","meta":{"footnotes":""},"categories":[33],"tags":[114],"class_list":{"0":"post-2879","1":"post","2":"type-post","3":"status-publish","4":"format-standard","5":"has-post-thumbnail","7":"category-noticias","8":"tag-corrida-pela-cidadania"},"_links":{"self":[{"href":"https:\/\/arrastao.org.br\/site\/wp-json\/wp\/v2\/posts\/2879","targetHints":{"allow":["GET"]}}],"collection":[{"href":"https:\/\/arrastao.org.br\/site\/wp-json\/wp\/v2\/posts"}],"about":[{"href":"https:\/\/arrastao.org.br\/site\/wp-json\/wp\/v2\/types\/post"}],"author":[{"embeddable":true,"href":"https:\/\/arrastao.org.br\/site\/wp-json\/wp\/v2\/users\/4"}],"replies":[{"embeddable":true,"href":"https:\/\/arrastao.org.br\/site\/wp-json\/wp\/v2\/comments?post=2879"}],"version-history":[{"count":1,"href":"https:\/\/arrastao.org.br\/site\/wp-json\/wp\/v2\/posts\/2879\/revisions"}],"predecessor-version":[{"id":16372,"href":"https:\/\/arrastao.org.br\/site\/wp-json\/wp\/v2\/posts\/2879\/revisions\/16372"}],"wp:featuredmedia":[{"embeddable":true,"href":"https:\/\/arrastao.org.br\/site\/wp-json\/wp\/v2\/media\/16371"}],"wp:attachment":[{"href":"https:\/\/arrastao.org.br\/site\/wp-json\/wp\/v2\/media?parent=2879"}],"wp:term":[{"taxonomy":"category","embeddable":true,"href":"https:\/\/arrastao.org.br\/site\/wp-json\/wp\/v2\/categories?post=2879"},{"taxonomy":"post_tag","embeddable":true,"href":"https:\/\/arrastao.org.br\/site\/wp-json\/wp\/v2\/tags?post=2879"}],"curies":[{"name":"wp","href":"https:\/\/api.w.org\/{rel}","templated":true}]}}